{"id":252,"__str__":"Ordem do Dia/Expediente: 2 - Indica\u00e7\u00e3o n\u00ba 3 de 2022 em 22\u00aa Ordin\u00e1ria da 2\u00aa Sess\u00e3o Legislativa da 15\u00aa Legislatura","metadata":{},"data_ordem":"2022-03-02","observacao":"INDICA AO PREFEITO MUNICIPAL QUE TOME AS PROVID\u00caNCIAS NECESS\u00c1RIAS PARA A CRIA\u00c7\u00c3O DE VAGAS DE ESTACIONAMENTO RESERVADAS AOS DEFICIENTES F\u00cdSICOS E AOS IDOSOS, NA \u00c1REA CENTRAL DO MUNIC\u00cdPIO E DEFRONTE AOS PR\u00c9DIOS P\u00daBLICOS, SOBRETUDO AS UNIDADES B\u00c1SICAS DE SA\u00daDE E PRONTO ATENDIMENTO, BEM COMO PROVIDENCIE TAMB\u00c9M A COLOCA\u00c7\u00c3O DE PLACA INDICATIVA DE TR\u00c2NSITO SOBRE AS REFERIDAS VAGAS.","numero_ordem":2,"resultado":"","tipo_votacao":1,"votacao_aberta":false,"registro_aberto":false,"sessao_plenaria":277,"materia":3450,"tramitacao":null}