{"id":2630,"__str__":"Resolu\u00e7\u00e3o n\u00ba 2, de 22 de janeiro de 2008","metadata":{},"texto_integral":"https://portal.cmvistaalegredoalto.com.br/media/sapl/public/normajuridica/2008/2630/2630_texto_integral.pdf","numero":"2","ano":2008,"esfera_federacao":"M","data":"2008-01-22","data_publicacao":null,"veiculo_publicacao":"","pagina_inicio_publicacao":null,"pagina_fim_publicacao":null,"ementa":"DISP\u00d5E SOBRE O REAJUSTE DOS SUBS\u00cdDIOS DOS VEREADORES E DO PRESIDENTE DA C\u00c2MARA E D\u00c1 OUTRAS PROVID\u00caNCIAS","indexacao":"","observacao":"APROVADO NA 9\u00aa SESS\u00c3O LEGISLATIVA EXTRAORDIN\u00c1RIA DE 21 DE JANEIRO DE 2008","complemento":false,"data_vigencia":null,"timestamp":"2016-04-23T14:59:22-03:00","data_ultima_atualizacao":"2023-01-21T23:20:54.034665-03:00","ip":"","ultima_edicao":null,"tipo":3,"materia":1227,"orgao":null,"user":null,"assuntos":[],"autores":[]}