{"id":4149,"__str__":"Indica\u00e7\u00e3o n\u00ba 9 de 2026","metadata":{},"numero":9,"ano":2026,"numero_protocolo":null,"data_apresentacao":"2026-03-05","tipo_apresentacao":"E","data_publicacao":null,"numero_origem_externa":"","ano_origem_externa":null,"data_origem_externa":null,"apelido":"","dias_prazo":null,"data_fim_prazo":null,"em_tramitacao":true,"polemica":false,"objeto":"","complementar":false,"ementa":"INDICA AO PREFEITO MUNICIPAL QUE PROMOVA A IMEDIATA REGULAMENTA\u00c7\u00c3O, NO \u00c2MBITO DO PODER EXECUTIVO MUNICIPAL, DOS EFEITOS DECORRENTES DA LEI COMPLEMENTAR FEDERAL N\u00ba 226/2026, ESPECIALMENTE NO QUE SE REFERE \u00c0 SUPRESS\u00c3O DA PROIBI\u00c7\u00c3O DE CONTAGEM DO PER\u00cdODO COMPREENDIDO ENTRE 28/05/2020 E 31/12/2021 PARA FINS DE AQUISI\u00c7\u00c3O DE VANTAGENS PESSOAIS PELOS SERVIDORES P\u00daBLICOS MUNICIPAIS.","indexacao":"INDICA AO PREFEITO MUNICIPAL QUE PROMOVA A IMEDIATA REGULAMENTA\u00c7\u00c3O, NO \u00c2MBITO DO PODER EXECUTIVO MUNICIPAL, DOS EFEITOS DECORRENTES DA LEI COMPLEMENTAR FEDERAL N\u00ba 226/2026, ESPECIALMENTE NO QUE SE REFERE \u00c0 SUPRESS\u00c3O DA PROIBI\u00c7\u00c3O DE CONTAGEM DO PER\u00cdODO COMPREENDIDO ENTRE 28/05/2020 E 31/12/2021 PARA FINS DE AQUISI\u00c7\u00c3O DE VANTAGENS PESSOAIS PELOS SERVIDORES P\u00daBLICOS MUNICIPAIS.","observacao":"","resultado":"","texto_original":"https://portal.cmvistaalegredoalto.com.br/media/sapl/public/materialegislativa/2026/4149/ind09-2026.pdf","data_ultima_atualizacao":"2026-03-09T13:57:02.227648-03:00","ip":"45.230.210.238","ultima_edicao":"2026-03-09T13:51:23.433182-03:00","tipo":8,"regime_tramitacao":3,"tipo_origem_externa":null,"local_origem_externa":null,"user":26,"anexadas":[],"autores":[53]}