{"id":4147,"__str__":"Projeto de Lei Complementar n\u00ba 4 de 2026","metadata":{},"numero":4,"ano":2026,"numero_protocolo":null,"data_apresentacao":"2026-03-05","tipo_apresentacao":"E","data_publicacao":null,"numero_origem_externa":"","ano_origem_externa":null,"data_origem_externa":null,"apelido":"","dias_prazo":null,"data_fim_prazo":null,"em_tramitacao":true,"polemica":false,"objeto":"","complementar":true,"ementa":"INSERE ATRIBUI\u00c7\u00c3O ESPECIAL AO ANEXO III QUADRO DE ATRIBUI\u00c7\u00d5ES ESPECIAIS E RESPONSABILIDADES T\u00c9CNICAS NA LEI COMPLEMENTAR N\u00ba 201 DE  1\u00ba DE AGOSTO DE 2023.","indexacao":"INSERE ATRIBUI\u00c7\u00c3O ESPECIAL AO ANEXO III QUADRO DE ATRIBUI\u00c7\u00d5ES ESPECIAIS E RESPONSABILIDADES T\u00c9CNICAS NA LEI COMPLEMENTAR N\u00ba 201 DE  1\u00ba DE AGOSTO DE 2023.","observacao":"","resultado":"","texto_original":"https://portal.cmvistaalegredoalto.com.br/media/sapl/public/materialegislativa/2026/4147/plc_04-2026_001342.pdf","data_ultima_atualizacao":"2026-03-05T15:51:15.737786-03:00","ip":"45.230.210.238","ultima_edicao":"2026-03-05T15:48:14.617426-03:00","tipo":5,"regime_tramitacao":3,"tipo_origem_externa":null,"local_origem_externa":null,"user":26,"anexadas":[],"autores":[71]}