{"id":3525,"__str__":"Or\u00e7amento da Camara n\u00ba 1 de 2022","metadata":{},"numero":1,"ano":2022,"numero_protocolo":null,"data_apresentacao":"2022-08-18","tipo_apresentacao":"O","data_publicacao":null,"numero_origem_externa":"","ano_origem_externa":null,"data_origem_externa":null,"apelido":"","dias_prazo":null,"data_fim_prazo":null,"em_tramitacao":false,"polemica":false,"objeto":"","complementar":false,"ementa":"PROPOSTA OR\u00c7AMENT\u00c1RIA DO PODER LEGISLATIVO PARA O EXERC\u00cdCIO DE 2023.","indexacao":"PROPOSTA OR\u00c7AMENT\u00c1RIA DO PODER LEGISLATIVO PARA O EXERC\u00cdCIO DE 2023.","observacao":"APROVADA NA 33\u00aa SESS\u00c3O ORDIN\u00c1RIA REALIZADA EM 22 DE AGOSTO DE 2022.","resultado":"","texto_original":"https://portal.cmvistaalegredoalto.com.br/media/sapl/public/materialegislativa/2022/3525/3525_texto_integral.pdf","data_ultima_atualizacao":"2023-01-21T23:20:51.124264-03:00","ip":"","ultima_edicao":null,"tipo":16,"regime_tramitacao":3,"tipo_origem_externa":null,"local_origem_externa":null,"user":null,"anexadas":[],"autores":[15]}