{"id":3511,"__str__":"Indica\u00e7\u00e3o n\u00ba 24 de 2022","metadata":{},"numero":24,"ano":2022,"numero_protocolo":null,"data_apresentacao":"2022-08-04","tipo_apresentacao":"E","data_publicacao":null,"numero_origem_externa":"","ano_origem_externa":null,"data_origem_externa":null,"apelido":"","dias_prazo":null,"data_fim_prazo":null,"em_tramitacao":false,"polemica":false,"objeto":"","complementar":false,"ementa":"INDICAM AO PREFEITO MUNICIPAL PREENCHER AS VAGAS DIRECIONADAS \u00c0S PESSOAS COM DEFICI\u00caNCIA F\u00cdSICA(PCD) E TAMB\u00c9M CONCEDA ISEN\u00c7\u00c3O NO IPTU \u00c1 AQUELES QUE POSSU\u00cdREM APENAS UM IM\u00d3VEL.","indexacao":"INDICAM AO PREFEITO MUNICIPAL PREENCHER AS VAGAS DIRECIONADAS \u00c0S PESSOAS COM DEFICI\u00caNCIA F\u00cdSICA(PCD) E TAMB\u00c9M CONCEDA ISEN\u00c7\u00c3O NO IPTU \u00c1 AQUELES QUE POSSU\u00cdREM APENAS UM IM\u00d3VEL.","observacao":"APROVADA POR UNANIMIDADE NA 32\u00aa ORDIN\u00c1RIA REALIZADA EM 08 DE AGOSTO DE 2022.","resultado":"","texto_original":"https://portal.cmvistaalegredoalto.com.br/media/sapl/public/materialegislativa/2022/3511/3511_texto_integral.pdf","data_ultima_atualizacao":"2023-01-21T23:20:47.210804-03:00","ip":"","ultima_edicao":null,"tipo":8,"regime_tramitacao":3,"tipo_origem_externa":null,"local_origem_externa":null,"user":null,"anexadas":[],"autores":[53,38]}