{"id":3358,"__str__":"Projeto de Lei Complementar n\u00ba 2 de 2021","metadata":{},"numero":2,"ano":2021,"numero_protocolo":null,"data_apresentacao":"2021-07-15","tipo_apresentacao":"E","data_publicacao":null,"numero_origem_externa":"","ano_origem_externa":null,"data_origem_externa":null,"apelido":"","dias_prazo":null,"data_fim_prazo":null,"em_tramitacao":false,"polemica":false,"objeto":"","complementar":true,"ementa":"DISP\u00d5E SOBRE A ALTERA\u00c7\u00c3O DA NOMENCLATURA INSERIDA NA LEI COMPLEMENTAR N\u00ba 035, DE 03 DE NOVEMBRO DE 2003, E D\u00c1 OUTRAS PROVIDENCIAS.","indexacao":"ALTERA\u00c7\u00c3O DA NOMENCLATURA INSERIDA NA LEI COMPLEMENTAR N\u00ba 035/2003.","observacao":"APROVADO POR UNANIMIDADE NA 14\u00aa SESS\u00c3O ORDIN\u00c1RIA REALIZADA EM 13 DE SETEMBRO DE 2021.","resultado":"","texto_original":"https://portal.cmvistaalegredoalto.com.br/media/sapl/public/materialegislativa/2021/3358/3358_texto_integral.pdf","data_ultima_atualizacao":"2023-01-21T23:20:48.623820-03:00","ip":"","ultima_edicao":null,"tipo":5,"regime_tramitacao":1,"tipo_origem_externa":null,"local_origem_externa":null,"user":null,"anexadas":[],"autores":[49]}