{"id":3341,"__str__":"Mo\u00e7\u00e3o n\u00ba 2 de 2021","metadata":{},"numero":2,"ano":2021,"numero_protocolo":null,"data_apresentacao":"2021-05-20","tipo_apresentacao":"E","data_publicacao":null,"numero_origem_externa":"","ano_origem_externa":null,"data_origem_externa":null,"apelido":"","dias_prazo":null,"data_fim_prazo":null,"em_tramitacao":true,"polemica":false,"objeto":"","complementar":false,"ementa":"MO\u00c7\u00c3O DE APOIO AO PROJETO DE LEI N.\u00ba 345/2019, DE ORIGEM DA ASSEMBLEIA LEGISLATIVA DE S\u00c3O PAULO, DE INICIATIVA DO DEPUTADO ESTADUAL - DELEGADO BRUNO LIMA - SP, O QUAL DISP\u00d5E SOBRE A INCLUS\u00c3O DOS CONTE\u00daDOS DE DIREITO DOS ANIMAIS E PROTE\u00c7\u00c3O ANIMAL NO PROGRAMA CURRICULAR DAS ESCOLAS P\u00daBLICAS DO ESTADO DE S\u00c3O PAULO. ","indexacao":"MO\u00c7\u00c3O DE APOIO AO PROJETO DE LEI N.\u00ba 345/2019, DE ORIGEM DA ASSEMBLEIA LEGISLATIVA DE S\u00c3O PAULO, DE INICIATIVA DO DEPUTADO ESTADUAL - DELEGADO BRUNO LIMA - SP, O QUAL DISP\u00d5E SOBRE A INCLUS\u00c3O DOS CONTE\u00daDOS DE DIREITO DOS ANIMAIS E PROTE\u00c7\u00c3O ANIMAL NO PROGRAMA CURRICULAR DAS ESCOLAS P\u00daBLICAS DO ESTADO DE S\u00c3O PAULO. ","observacao":"","resultado":"","texto_original":"https://portal.cmvistaalegredoalto.com.br/media/sapl/public/materialegislativa/2021/3341/3341_texto_integral.pdf","data_ultima_atualizacao":"2023-01-21T23:20:47.299088-03:00","ip":"","ultima_edicao":null,"tipo":7,"regime_tramitacao":1,"tipo_origem_externa":null,"local_origem_externa":null,"user":null,"anexadas":[],"autores":[52,40]}