{"id":3319,"__str__":"Projeto de Lei Ordin\u00e1ria n\u00ba 24 de 2021","metadata":{},"numero":24,"ano":2021,"numero_protocolo":null,"data_apresentacao":"2021-04-22","tipo_apresentacao":"E","data_publicacao":null,"numero_origem_externa":"","ano_origem_externa":null,"data_origem_externa":null,"apelido":"","dias_prazo":null,"data_fim_prazo":null,"em_tramitacao":false,"polemica":false,"objeto":"","complementar":false,"ementa":"DISP\u00d5E SOBRE A CRIA\u00c7\u00c3O DE MEMORIAL EM HOMENAGEM \u00c0S VITIMAS DO NOVO CORONAV\u00cdRUS NO MUNIC\u00cdPIO DE VISTA ALEGRE DO ALTO.","indexacao":"MEMORIAL EM HOMENAGEM \u00c0S VITIMAS DO NOVO CORONAV\u00cdRUS","observacao":"APROVADO NA 6\u00aa SESS\u00c3O ORDIN\u00c1RIA REALIZADA EM 26 DE ABRIL DE 2021.","resultado":"","texto_original":"https://portal.cmvistaalegredoalto.com.br/media/sapl/public/materialegislativa/2021/3319/3319_texto_integral.pdf","data_ultima_atualizacao":"2023-01-21T23:20:51.534065-03:00","ip":"","ultima_edicao":null,"tipo":1,"regime_tramitacao":3,"tipo_origem_externa":null,"local_origem_externa":null,"user":null,"anexadas":[],"autores":[54,53,55,56,52,50,38,57,40]}