{"id":3283,"__str__":"Requerimento n\u00ba 8 de 2021","metadata":{},"numero":8,"ano":2021,"numero_protocolo":null,"data_apresentacao":"2021-03-04","tipo_apresentacao":"E","data_publicacao":null,"numero_origem_externa":"","ano_origem_externa":null,"data_origem_externa":null,"apelido":"","dias_prazo":null,"data_fim_prazo":null,"em_tramitacao":false,"polemica":false,"objeto":"","complementar":false,"ementa":"REQUEREM \u00c0 PRESID\u00caNCIA DA C\u00c2MARA A DISPONIBILIZA\u00c7\u00c3O NAS REDES SOCIAIS DOS REQUERIMENTOS, INDICA\u00c7\u00d5ES, MO\u00c7\u00d5ES E PROJETOS DE LEI DE INICIATIVA DOS VEREADORES.","indexacao":"REQUEREM \u00c0 PRESID\u00caNCIA DA C\u00c2MARA A DISPONIBILIZA\u00c7\u00c3O NAS REDES SOCIAIS DOS REQUERIMENTOS, INDICA\u00c7\u00d5ES, MO\u00c7\u00d5ES E PROJETOS DE LEI DE INICIATIVA DOS VEREADORES.","observacao":"APROVADA NA 3\u00aa SESS\u00c3O ORDIN\u00c1RIA REALIZADA EM 08 DE MAR\u00c7O DE 2021.","resultado":"","texto_original":"https://portal.cmvistaalegredoalto.com.br/media/sapl/public/materialegislativa/2021/3283/3283_texto_integral.pdf","data_ultima_atualizacao":"2023-01-21T23:20:47.541536-03:00","ip":"","ultima_edicao":null,"tipo":3,"regime_tramitacao":3,"tipo_origem_externa":null,"local_origem_externa":null,"user":null,"anexadas":[],"autores":[]}