{"id":3032,"__str__":"Projeto de Lei Ordin\u00e1ria n\u00ba 12 de 2019","metadata":{},"numero":12,"ano":2019,"numero_protocolo":null,"data_apresentacao":"2019-03-07","tipo_apresentacao":"E","data_publicacao":null,"numero_origem_externa":"","ano_origem_externa":null,"data_origem_externa":null,"apelido":"","dias_prazo":null,"data_fim_prazo":null,"em_tramitacao":false,"polemica":false,"objeto":"","complementar":false,"ementa":"DISP\u00d5E SOBRE A DESCRI\u00c7\u00c3O DOS CARGOS EFETIVOS E DAS ATRIBUI\u00c7\u00d5ES DAS FUN\u00c7\u00d5ES, E D\u00c1 OUTRAS PROVID\u00caNCIAS.","indexacao":"DESCRI\u00c7\u00c3O DOS CARGOS EFETIVOS ATRIBUI\u00c7\u00d5ES FUN\u00c7\u00d5ES","observacao":"APROVADO - COM AS EMENDAS N\u00daMEROS 2, 4, 5, 6, 7, 8, 9 E 10/2010 - POR UNANIMIDADE DOS QUE VOTARAM (N\u00c3O VOTARAM OS VEREADORES: ADEMIR APARECIDO COSTA E MARIA JOS\u00c9 CALDERANI YAEKASHI, EM RAZ\u00c3O DO ART. 179 DO REGIMENTO INTERNO DA EDILIDADE)","resultado":"","texto_original":"https://portal.cmvistaalegredoalto.com.br/media/sapl/public/materialegislativa/2019/3032/3032_texto_integral.pdf","data_ultima_atualizacao":"2023-01-21T23:20:48.906155-03:00","ip":"","ultima_edicao":null,"tipo":1,"regime_tramitacao":3,"tipo_origem_externa":null,"local_origem_externa":null,"user":null,"anexadas":[],"autores":[49]}