{"id":2885,"__str__":"Projeto de Lei Ordin\u00e1ria n\u00ba 16 de 2018","metadata":{},"numero":16,"ano":2018,"numero_protocolo":null,"data_apresentacao":"2018-02-05","tipo_apresentacao":"E","data_publicacao":null,"numero_origem_externa":"","ano_origem_externa":null,"data_origem_externa":null,"apelido":"","dias_prazo":null,"data_fim_prazo":null,"em_tramitacao":false,"polemica":false,"objeto":"","complementar":false,"ementa":"D\u00c1 DENOMINA\u00c7\u00c3O AO CONJUNTO HABITACIONAL VISTA ALEGRE DO ALTO &#8220;A&#8221; E RESPECTIVAS VIAS P\u00daBLICAS, E D\u00c1 OUTRAS PROVID\u00caNCIAS.","indexacao":"DENOMINA\u00c7\u00c3O CONJUNTO HABITACIONAL","observacao":"APROVADA NA 9\u00aa SESS\u00c3O LEGISLATIVA EXTRAORDIN\u00c1RIA REALIZADA EM 07 DE FEVEREIRO DE 2018.","resultado":"","texto_original":"https://portal.cmvistaalegredoalto.com.br/media/sapl/public/materialegislativa/2018/2885/2885_texto_integral.pdf","data_ultima_atualizacao":"2023-01-21T23:20:46.624384-03:00","ip":"","ultima_edicao":null,"tipo":1,"regime_tramitacao":3,"tipo_origem_externa":null,"local_origem_externa":null,"user":null,"anexadas":[],"autores":[49]}