{"id":1996,"__str__":"Indica\u00e7\u00e3o n\u00ba 9 de 2012","metadata":{},"numero":9,"ano":2012,"numero_protocolo":null,"data_apresentacao":"2012-04-04","tipo_apresentacao":"E","data_publicacao":null,"numero_origem_externa":"","ano_origem_externa":null,"data_origem_externa":null,"apelido":"","dias_prazo":null,"data_fim_prazo":null,"em_tramitacao":false,"polemica":false,"objeto":"","complementar":false,"ementa":"INDICA AO PREFEITO MUNICIPAL QUE TOME AS PROVID\u00caNCIAS NECESS\u00c1RIAS PARA PROMOVER MELHORIAS, PRINCIPALMENTE, EM RELA\u00c7\u00c3O AO ASFALTO E \u00c0 ILUMINA\u00c7\u00c3O, AL\u00c9M DO CAL\u00c7AMENTO NA INTERLIGA\u00c7\u00c3O DA RUA DOS OITIS COM O JARDIM PRIMAVERA.","indexacao":"","observacao":"APRECIADA NA 62\u00aa SESS\u00c3O ORDIN\u00c1RIA REALIZADA EM 09 DE ABRIL DE 2012.","resultado":"","texto_original":"https://portal.cmvistaalegredoalto.com.br/media/sapl/public/materialegislativa/2012/1996/1996_texto_integral.doc","data_ultima_atualizacao":"2023-01-21T23:20:46.752461-03:00","ip":"","ultima_edicao":null,"tipo":8,"regime_tramitacao":1,"tipo_origem_externa":null,"local_origem_externa":null,"user":null,"anexadas":[],"autores":[29]}