{"id":1942,"__str__":"Indica\u00e7\u00e3o n\u00ba 12 de 2011","metadata":{},"numero":12,"ano":2011,"numero_protocolo":null,"data_apresentacao":"2011-11-25","tipo_apresentacao":"E","data_publicacao":null,"numero_origem_externa":"","ano_origem_externa":null,"data_origem_externa":null,"apelido":"","dias_prazo":null,"data_fim_prazo":null,"em_tramitacao":false,"polemica":null,"objeto":"","complementar":null,"ementa":"INDICA AO EXECUTIVO A COLOCA\u00c7\u00c3O DE BRA\u00c7O DE ILUMINA\u00c7\u00c3O P\u00daBLICA NO ENTRONCAMENTO DA RUA DAS ORQU\u00cdDEAS COM A RUA DOS OITIS.","indexacao":"","observacao":"APRECIADA NA 56\u00aa SESS\u00c3O ORDIN\u00c1RIA DE 28 DE NOVEMBRO DE 2011.","resultado":"","texto_original":"https://portal.cmvistaalegredoalto.com.br/media/sapl/public/materialegislativa/2011/1942/1942_texto_integral.pdf","data_ultima_atualizacao":"2023-01-21T23:20:49.686960-03:00","ip":"","ultima_edicao":null,"tipo":8,"regime_tramitacao":1,"tipo_origem_externa":null,"local_origem_externa":null,"user":null,"anexadas":[],"autores":[31,33,32]}