{"id":1204,"__str__":"Indica\u00e7\u00e3o n\u00ba 70 de 1989","metadata":{},"numero":70,"ano":1989,"numero_protocolo":null,"data_apresentacao":"1989-06-20","tipo_apresentacao":"E","data_publicacao":null,"numero_origem_externa":"","ano_origem_externa":null,"data_origem_externa":null,"apelido":"","dias_prazo":null,"data_fim_prazo":null,"em_tramitacao":false,"polemica":null,"objeto":"","complementar":null,"ementa":"INDICA A CRIA\u00c7\u00c3O DO PROGRAMA ASSIST\u00caNCIA AO DEFICIENTE F\u00cdSICO E/OU MENTAL, PROMOVENDO O BEM ESTAR SOCIAL PARA MINIMIZAR AO M\u00c1XIMO AS DESIGUALDADES IMPOSTAS PELO DESTINO, ATRAV\u00c9S DE INCENTIVOS E CONV\u00caNIOS COM ENTIDADES EDUCACIONAIS E DE TERAPIA EDUCACIONAL PARA POSTERIOR REINTEGRA\u00c7\u00c3O SOCIAL E APROVEITAMENTO NA PR\u00d3PRIA COMUNIDADE.","indexacao":"","observacao":"","resultado":"","texto_original":"https://portal.cmvistaalegredoalto.com.br/media/sapl/public/materialegislativa/1989/1204/1204_texto_integral.pdf","data_ultima_atualizacao":"2023-01-21T23:20:46.294303-03:00","ip":"","ultima_edicao":null,"tipo":8,"regime_tramitacao":1,"tipo_origem_externa":null,"local_origem_externa":null,"user":null,"anexadas":[],"autores":[]}